{"id":3919,"date":"2023-02-14T00:30:59","date_gmt":"2023-02-14T00:30:59","guid":{"rendered":"https:\/\/primandproper.pt\/o-que-e-o-coliseu-do-porto-ao-fundo-da-rua\/"},"modified":"2024-01-05T17:27:01","modified_gmt":"2024-01-05T17:27:01","slug":"o-que-e-o-coliseu-do-porto-ao-fundo-da-rua","status":"publish","type":"post","link":"https:\/\/primandproper.pt\/pt-pt\/o-que-e-o-coliseu-do-porto-ao-fundo-da-rua\/","title":{"rendered":"O que \u00e9 o Coliseu do Porto ao fundo da rua?"},"content":{"rendered":"\n<p>O Coliseu do Porto, tamb\u00e9m conhecido como Coliseu do Porto, \u00e9 um teatro hist\u00f3rico e uma sala de espect\u00e1culos situada no Porto, Portugal. Foi inaugurado em 1958 e \u00e9 um importante centro cultural da cidade h\u00e1 mais de seis d\u00e9cadas.<\/p>\n\n<p>O Coliseu do Porto foi originalmente constru\u00eddo como um cinema, mas rapidamente se tornou num dos mais importantes locais de eventos e espect\u00e1culos culturais da cidade. Ao longo dos anos, o Coliseu tem sido palco de um vasto leque de eventos, incluindo concertos, produ\u00e7\u00f5es teatrais e espect\u00e1culos de dan\u00e7a. J\u00e1 recebeu alguns dos maiores nomes da m\u00fasica portuguesa e internacional, sendo considerado um dos mais importantes espa\u00e7os do g\u00e9nero em Portugal.<\/p>\n\n<p>Nos \u00faltimos anos, o Coliseu do Porto foi objeto de uma profunda renova\u00e7\u00e3o, que permitiu modernizar as suas instala\u00e7\u00f5es e atualizar as suas infra-estruturas. Estas renova\u00e7\u00f5es contribu\u00edram para que o Coliseu continuasse a ser um importante p\u00f3lo cultural para a popula\u00e7\u00e3o do Porto e da regi\u00e3o envolvente.<\/p>\n\n<p>Atualmente, o Coliseu do Porto continua a ser um dos marcos culturais mais emblem\u00e1ticos da cidade e continua a ser um destino popular para os entusiastas da m\u00fasica e das artes de todo o mundo. A sua rica hist\u00f3ria e significado cultural fazem dele um destino de visita obrigat\u00f3ria para todos os interessados no patrim\u00f3nio cultural do Porto e de Portugal.<\/p>\n","protected":false},"excerpt":{"rendered":"<p>O Coliseu do Porto, tamb\u00e9m conhecido como Coliseu do Porto, \u00e9 um teatro hist\u00f3rico e uma sala de espect\u00e1culos situada no Porto, Portugal. Foi inaugurado em 1958 e \u00e9 um importante centro cultural da cidade h\u00e1 mais de seis d\u00e9cadas. O Coliseu do Porto foi originalmente constru\u00eddo como um cinema, mas rapidamente se tornou num [&hellip;]<\/p>\n","protected":false},"author":1,"featured_media":0,"comment_status":"open","ping_status":"open","sticky":false,"template":"","format":"standard","meta":{"_acf_changed":false,"footnotes":""},"categories":[12],"tags":[],"class_list":["post-3919","post","type-post","status-publish","format-standard","hentry","category-sem-categoria"],"acf":[],"yoast_head":"<!-- This site is optimized with the Yoast SEO plugin v24.9 - https:\/\/yoast.com\/wordpress\/plugins\/seo\/ -->\n<title>O que \u00e9 o Coliseu do Porto ao fundo da rua? - Prim and proper<\/title>\n<meta name=\"robots\" content=\"index, follow, max-snippet:-1, max-image-preview:large, max-video-preview:-1\" \/>\n<link rel=\"canonical\" href=\"https:\/\/primandproper.pt\/pt-pt\/o-que-e-o-coliseu-do-porto-ao-fundo-da-rua\/\" \/>\n<meta property=\"og:locale\" content=\"pt_PT\" \/>\n<meta property=\"og:type\" content=\"article\" \/>\n<meta property=\"og:title\" content=\"O que \u00e9 o Coliseu do Porto ao fundo da rua? - Prim and proper\" \/>\n<meta property=\"og:description\" content=\"O Coliseu do Porto, tamb\u00e9m conhecido como Coliseu do Porto, \u00e9 um teatro hist\u00f3rico e uma sala de espect\u00e1culos situada no Porto, Portugal. Foi inaugurado em 1958 e \u00e9 um importante centro cultural da cidade h\u00e1 mais de seis d\u00e9cadas. O Coliseu do Porto foi originalmente constru\u00eddo como um cinema, mas rapidamente se tornou num [&hellip;]\" \/>\n<meta property=\"og:url\" content=\"https:\/\/primandproper.pt\/pt-pt\/o-que-e-o-coliseu-do-porto-ao-fundo-da-rua\/\" \/>\n<meta property=\"og:site_name\" content=\"Prim and proper\" \/>\n<meta property=\"article:publisher\" content=\"https:\/\/www.facebook.com\/profile.php?id=100090635821514\" \/>\n<meta property=\"article:published_time\" content=\"2023-02-14T00:30:59+00:00\" \/>\n<meta property=\"article:modified_time\" content=\"2024-01-05T17:27:01+00:00\" \/>\n<meta name=\"author\" content=\"JCV\" \/>\n<meta name=\"twitter:card\" content=\"summary_large_image\" \/>\n<meta name=\"twitter:label1\" content=\"Escrito por\" \/>\n\t<meta name=\"twitter:data1\" content=\"JCV\" \/>\n\t<meta name=\"twitter:label2\" content=\"Tempo estimado de leitura\" \/>\n\t<meta name=\"twitter:data2\" content=\"1 minuto\" \/>\n<script type=\"application\/ld+json\" class=\"yoast-schema-graph\">{\"@context\":\"https:\/\/schema.org\",\"@graph\":[{\"@type\":\"Article\",\"@id\":\"https:\/\/primandproper.pt\/pt-pt\/o-que-e-o-coliseu-do-porto-ao-fundo-da-rua\/#article\",\"isPartOf\":{\"@id\":\"https:\/\/primandproper.pt\/pt-pt\/o-que-e-o-coliseu-do-porto-ao-fundo-da-rua\/\"},\"author\":{\"name\":\"JCV\",\"@id\":\"https:\/\/primandproper.pt\/pt-pt\/#\/schema\/person\/9fc118665faf5b3db610f6c61ea1d04a\"},\"headline\":\"O que \u00e9 o Coliseu do Porto ao fundo da rua?\",\"datePublished\":\"2023-02-14T00:30:59+00:00\",\"dateModified\":\"2024-01-05T17:27:01+00:00\",\"mainEntityOfPage\":{\"@id\":\"https:\/\/primandproper.pt\/pt-pt\/o-que-e-o-coliseu-do-porto-ao-fundo-da-rua\/\"},\"wordCount\":250,\"commentCount\":0,\"publisher\":{\"@id\":\"https:\/\/primandproper.pt\/pt-pt\/#organization\"},\"inLanguage\":\"pt-PT\",\"potentialAction\":[{\"@type\":\"CommentAction\",\"name\":\"Comment\",\"target\":[\"https:\/\/primandproper.pt\/pt-pt\/o-que-e-o-coliseu-do-porto-ao-fundo-da-rua\/#respond\"]}]},{\"@type\":\"WebPage\",\"@id\":\"https:\/\/primandproper.pt\/pt-pt\/o-que-e-o-coliseu-do-porto-ao-fundo-da-rua\/\",\"url\":\"https:\/\/primandproper.pt\/pt-pt\/o-que-e-o-coliseu-do-porto-ao-fundo-da-rua\/\",\"name\":\"O que \u00e9 o Coliseu do Porto ao fundo da rua? - Prim and proper\",\"isPartOf\":{\"@id\":\"https:\/\/primandproper.pt\/pt-pt\/#website\"},\"datePublished\":\"2023-02-14T00:30:59+00:00\",\"dateModified\":\"2024-01-05T17:27:01+00:00\",\"breadcrumb\":{\"@id\":\"https:\/\/primandproper.pt\/pt-pt\/o-que-e-o-coliseu-do-porto-ao-fundo-da-rua\/#breadcrumb\"},\"inLanguage\":\"pt-PT\",\"potentialAction\":[{\"@type\":\"ReadAction\",\"target\":[\"https:\/\/primandproper.pt\/pt-pt\/o-que-e-o-coliseu-do-porto-ao-fundo-da-rua\/\"]}]},{\"@type\":\"BreadcrumbList\",\"@id\":\"https:\/\/primandproper.pt\/pt-pt\/o-que-e-o-coliseu-do-porto-ao-fundo-da-rua\/#breadcrumb\",\"itemListElement\":[{\"@type\":\"ListItem\",\"position\":1,\"name\":\"Home\",\"item\":\"https:\/\/primandproper.pt\/pt-pt\/\"},{\"@type\":\"ListItem\",\"position\":2,\"name\":\"O que \u00e9 o Coliseu do Porto ao fundo da rua?\"}]},{\"@type\":\"WebSite\",\"@id\":\"https:\/\/primandproper.pt\/pt-pt\/#website\",\"url\":\"https:\/\/primandproper.pt\/pt-pt\/\",\"name\":\"Primandproper.pt\",\"description\":\"Living well in the heart of the city\",\"publisher\":{\"@id\":\"https:\/\/primandproper.pt\/pt-pt\/#organization\"},\"potentialAction\":[{\"@type\":\"SearchAction\",\"target\":{\"@type\":\"EntryPoint\",\"urlTemplate\":\"https:\/\/primandproper.pt\/pt-pt\/?s={search_term_string}\"},\"query-input\":{\"@type\":\"PropertyValueSpecification\",\"valueRequired\":true,\"valueName\":\"search_term_string\"}}],\"inLanguage\":\"pt-PT\"},{\"@type\":\"Organization\",\"@id\":\"https:\/\/primandproper.pt\/pt-pt\/#organization\",\"name\":\"Prim&proper\",\"url\":\"https:\/\/primandproper.pt\/pt-pt\/\",\"logo\":{\"@type\":\"ImageObject\",\"inLanguage\":\"pt-PT\",\"@id\":\"https:\/\/primandproper.pt\/pt-pt\/#\/schema\/logo\/image\/\",\"url\":\"https:\/\/primandproper.pt\/wp-content\/uploads\/2023\/02\/prim-and-proper-porto-accomodation-logo.png\",\"contentUrl\":\"https:\/\/primandproper.pt\/wp-content\/uploads\/2023\/02\/prim-and-proper-porto-accomodation-logo.png\",\"width\":1242,\"height\":699,\"caption\":\"Prim&proper\"},\"image\":{\"@id\":\"https:\/\/primandproper.pt\/pt-pt\/#\/schema\/logo\/image\/\"},\"sameAs\":[\"https:\/\/www.facebook.com\/profile.php?id=100090635821514\",\"https:\/\/www.instagram.com\/primproperporto\/\",\"https:\/\/www.linkedin.com\/company\/prim-proper\/\"]},{\"@type\":\"Person\",\"@id\":\"https:\/\/primandproper.pt\/pt-pt\/#\/schema\/person\/9fc118665faf5b3db610f6c61ea1d04a\",\"name\":\"JCV\",\"image\":{\"@type\":\"ImageObject\",\"inLanguage\":\"pt-PT\",\"@id\":\"https:\/\/primandproper.pt\/pt-pt\/#\/schema\/person\/image\/\",\"url\":\"https:\/\/secure.gravatar.com\/avatar\/864242b94470da2106475beed2311e1cc66601eeea503ac7d23363b1b1a5d65a?s=96&d=mm&r=g\",\"contentUrl\":\"https:\/\/secure.gravatar.com\/avatar\/864242b94470da2106475beed2311e1cc66601eeea503ac7d23363b1b1a5d65a?s=96&d=mm&r=g\",\"caption\":\"JCV\"},\"sameAs\":[\"https:\/\/primandproper.eudigital.net\"],\"url\":\"https:\/\/primandproper.pt\/pt-pt\/author\/eudigital\/\"}]}<\/script>\n<!-- \/ Yoast SEO plugin. -->","yoast_head_json":{"title":"O que \u00e9 o Coliseu do Porto ao fundo da rua? - Prim and proper","robots":{"index":"index","follow":"follow","max-snippet":"max-snippet:-1","max-image-preview":"max-image-preview:large","max-video-preview":"max-video-preview:-1"},"canonical":"https:\/\/primandproper.pt\/pt-pt\/o-que-e-o-coliseu-do-porto-ao-fundo-da-rua\/","og_locale":"pt_PT","og_type":"article","og_title":"O que \u00e9 o Coliseu do Porto ao fundo da rua? - Prim and proper","og_description":"O Coliseu do Porto, tamb\u00e9m conhecido como Coliseu do Porto, \u00e9 um teatro hist\u00f3rico e uma sala de espect\u00e1culos situada no Porto, Portugal. Foi inaugurado em 1958 e \u00e9 um importante centro cultural da cidade h\u00e1 mais de seis d\u00e9cadas. O Coliseu do Porto foi originalmente constru\u00eddo como um cinema, mas rapidamente se tornou num [&hellip;]","og_url":"https:\/\/primandproper.pt\/pt-pt\/o-que-e-o-coliseu-do-porto-ao-fundo-da-rua\/","og_site_name":"Prim and proper","article_publisher":"https:\/\/www.facebook.com\/profile.php?id=100090635821514","article_published_time":"2023-02-14T00:30:59+00:00","article_modified_time":"2024-01-05T17:27:01+00:00","author":"JCV","twitter_card":"summary_large_image","twitter_misc":{"Escrito por":"JCV","Tempo estimado de leitura":"1 minuto"},"schema":{"@context":"https:\/\/schema.org","@graph":[{"@type":"Article","@id":"https:\/\/primandproper.pt\/pt-pt\/o-que-e-o-coliseu-do-porto-ao-fundo-da-rua\/#article","isPartOf":{"@id":"https:\/\/primandproper.pt\/pt-pt\/o-que-e-o-coliseu-do-porto-ao-fundo-da-rua\/"},"author":{"name":"JCV","@id":"https:\/\/primandproper.pt\/pt-pt\/#\/schema\/person\/9fc118665faf5b3db610f6c61ea1d04a"},"headline":"O que \u00e9 o Coliseu do Porto ao fundo da rua?","datePublished":"2023-02-14T00:30:59+00:00","dateModified":"2024-01-05T17:27:01+00:00","mainEntityOfPage":{"@id":"https:\/\/primandproper.pt\/pt-pt\/o-que-e-o-coliseu-do-porto-ao-fundo-da-rua\/"},"wordCount":250,"commentCount":0,"publisher":{"@id":"https:\/\/primandproper.pt\/pt-pt\/#organization"},"inLanguage":"pt-PT","potentialAction":[{"@type":"CommentAction","name":"Comment","target":["https:\/\/primandproper.pt\/pt-pt\/o-que-e-o-coliseu-do-porto-ao-fundo-da-rua\/#respond"]}]},{"@type":"WebPage","@id":"https:\/\/primandproper.pt\/pt-pt\/o-que-e-o-coliseu-do-porto-ao-fundo-da-rua\/","url":"https:\/\/primandproper.pt\/pt-pt\/o-que-e-o-coliseu-do-porto-ao-fundo-da-rua\/","name":"O que \u00e9 o Coliseu do Porto ao fundo da rua? - Prim and proper","isPartOf":{"@id":"https:\/\/primandproper.pt\/pt-pt\/#website"},"datePublished":"2023-02-14T00:30:59+00:00","dateModified":"2024-01-05T17:27:01+00:00","breadcrumb":{"@id":"https:\/\/primandproper.pt\/pt-pt\/o-que-e-o-coliseu-do-porto-ao-fundo-da-rua\/#breadcrumb"},"inLanguage":"pt-PT","potentialAction":[{"@type":"ReadAction","target":["https:\/\/primandproper.pt\/pt-pt\/o-que-e-o-coliseu-do-porto-ao-fundo-da-rua\/"]}]},{"@type":"BreadcrumbList","@id":"https:\/\/primandproper.pt\/pt-pt\/o-que-e-o-coliseu-do-porto-ao-fundo-da-rua\/#breadcrumb","itemListElement":[{"@type":"ListItem","position":1,"name":"Home","item":"https:\/\/primandproper.pt\/pt-pt\/"},{"@type":"ListItem","position":2,"name":"O que \u00e9 o Coliseu do Porto ao fundo da rua?"}]},{"@type":"WebSite","@id":"https:\/\/primandproper.pt\/pt-pt\/#website","url":"https:\/\/primandproper.pt\/pt-pt\/","name":"Primandproper.pt","description":"Living well in the heart of the city","publisher":{"@id":"https:\/\/primandproper.pt\/pt-pt\/#organization"},"potentialAction":[{"@type":"SearchAction","target":{"@type":"EntryPoint","urlTemplate":"https:\/\/primandproper.pt\/pt-pt\/?s={search_term_string}"},"query-input":{"@type":"PropertyValueSpecification","valueRequired":true,"valueName":"search_term_string"}}],"inLanguage":"pt-PT"},{"@type":"Organization","@id":"https:\/\/primandproper.pt\/pt-pt\/#organization","name":"Prim&proper","url":"https:\/\/primandproper.pt\/pt-pt\/","logo":{"@type":"ImageObject","inLanguage":"pt-PT","@id":"https:\/\/primandproper.pt\/pt-pt\/#\/schema\/logo\/image\/","url":"https:\/\/primandproper.pt\/wp-content\/uploads\/2023\/02\/prim-and-proper-porto-accomodation-logo.png","contentUrl":"https:\/\/primandproper.pt\/wp-content\/uploads\/2023\/02\/prim-and-proper-porto-accomodation-logo.png","width":1242,"height":699,"caption":"Prim&proper"},"image":{"@id":"https:\/\/primandproper.pt\/pt-pt\/#\/schema\/logo\/image\/"},"sameAs":["https:\/\/www.facebook.com\/profile.php?id=100090635821514","https:\/\/www.instagram.com\/primproperporto\/","https:\/\/www.linkedin.com\/company\/prim-proper\/"]},{"@type":"Person","@id":"https:\/\/primandproper.pt\/pt-pt\/#\/schema\/person\/9fc118665faf5b3db610f6c61ea1d04a","name":"JCV","image":{"@type":"ImageObject","inLanguage":"pt-PT","@id":"https:\/\/primandproper.pt\/pt-pt\/#\/schema\/person\/image\/","url":"https:\/\/secure.gravatar.com\/avatar\/864242b94470da2106475beed2311e1cc66601eeea503ac7d23363b1b1a5d65a?s=96&d=mm&r=g","contentUrl":"https:\/\/secure.gravatar.com\/avatar\/864242b94470da2106475beed2311e1cc66601eeea503ac7d23363b1b1a5d65a?s=96&d=mm&r=g","caption":"JCV"},"sameAs":["https:\/\/primandproper.eudigital.net"],"url":"https:\/\/primandproper.pt\/pt-pt\/author\/eudigital\/"}]}},"_links":{"self":[{"href":"https:\/\/primandproper.pt\/pt-pt\/wp-json\/wp\/v2\/posts\/3919","targetHints":{"allow":["GET"]}}],"collection":[{"href":"https:\/\/primandproper.pt\/pt-pt\/wp-json\/wp\/v2\/posts"}],"about":[{"href":"https:\/\/primandproper.pt\/pt-pt\/wp-json\/wp\/v2\/types\/post"}],"author":[{"embeddable":true,"href":"https:\/\/primandproper.pt\/pt-pt\/wp-json\/wp\/v2\/users\/1"}],"replies":[{"embeddable":true,"href":"https:\/\/primandproper.pt\/pt-pt\/wp-json\/wp\/v2\/comments?post=3919"}],"version-history":[{"count":3,"href":"https:\/\/primandproper.pt\/pt-pt\/wp-json\/wp\/v2\/posts\/3919\/revisions"}],"predecessor-version":[{"id":3922,"href":"https:\/\/primandproper.pt\/pt-pt\/wp-json\/wp\/v2\/posts\/3919\/revisions\/3922"}],"wp:attachment":[{"href":"https:\/\/primandproper.pt\/pt-pt\/wp-json\/wp\/v2\/media?parent=3919"}],"wp:term":[{"taxonomy":"category","embeddable":true,"href":"https:\/\/primandproper.pt\/pt-pt\/wp-json\/wp\/v2\/categories?post=3919"},{"taxonomy":"post_tag","embeddable":true,"href":"https:\/\/primandproper.pt\/pt-pt\/wp-json\/wp\/v2\/tags?post=3919"}],"curies":[{"name":"wp","href":"https:\/\/api.w.org\/{rel}","templated":true}]}}